{"id":527,"date":"2024-07-15T15:06:00","date_gmt":"2024-07-15T15:06:00","guid":{"rendered":"https:\/\/ics.cr\/?p=527"},"modified":"2024-09-16T15:06:59","modified_gmt":"2024-09-16T15:06:59","slug":"ministry-of-finance-moves-service-to-the-public-of-the-east-tax-administration","status":"publish","type":"post","link":"https:\/\/ics.cr\/en\/ministerio-de-hacienda-traslada-servicio-al-publico-de-la-administracion-tributaria-este\/","title":{"rendered":"Ministry of Finance moves service to the public from the East Tax Administration"},"content":{"rendered":"<p>The Ministry of Finance informed that as of July 29th the Tax Administration of San Jos\u00e9 East will be relocated.<\/p>\n\n\n\n<p>The Tax Administration will be located in the current facilities of the West San Jos\u00e9 Tax Administration on 10th Avenue, between 36th and 42nd Streets.<\/p>\n\n\n\n<p>Customer service will be available from 8:00 am to 4:00 pm and procedures may continue to be carried out through the TRAVI platform as usual.<\/p>\n<style>\r\n.lwrp.link-whisper-related-posts{\r\n            \r\n            margin-top: 40px;\nmargin-bottom: 30px;\r\n        }\r\n        .lwrp .lwrp-title{\r\n            \r\n            \r\n        }.lwrp .lwrp-description{\r\n            \r\n            \r\n\r\n        }\r\n        .lwrp .lwrp-list-container{\r\n        }\r\n        .lwrp .lwrp-list-multi-container{\r\n            display: flex;\r\n        }\r\n        .lwrp .lwrp-list-double{\r\n            width: 48%;\r\n        }\r\n        .lwrp .lwrp-list-triple{\r\n            width: 32%;\r\n        }\r\n        .lwrp .lwrp-list-row-container{\r\n            display: flex;\r\n            justify-content: space-between;\r\n        }\r\n        .lwrp .lwrp-list-row-container .lwrp-list-item{\r\n            width: calc(25% - 20px);\r\n        }\r\n        .lwrp .lwrp-list-item:not(.lwrp-no-posts-message-item){\r\n            \r\n            \r\n        }\r\n        .lwrp .lwrp-list-item img{\r\n            max-width: 100%;\r\n            height: auto;\r\n            object-fit: cover;\r\n            aspect-ratio: 1 \/ 1;\r\n        }\r\n        .lwrp .lwrp-list-item.lwrp-empty-list-item{\r\n            background: initial !important;\r\n        }\r\n        .lwrp .lwrp-list-item .lwrp-list-link .lwrp-list-link-title-text,\r\n        .lwrp .lwrp-list-item .lwrp-list-no-posts-message{\r\n            \r\n            \r\n            \r\n            \r\n        }@media screen and (max-width: 480px) {\r\n            .lwrp.link-whisper-related-posts{\r\n                \r\n                \r\n            }\r\n            .lwrp .lwrp-title{\r\n                \r\n                \r\n            }.lwrp .lwrp-description{\r\n                \r\n                \r\n            }\r\n            .lwrp .lwrp-list-multi-container{\r\n                flex-direction: column;\r\n            }\r\n            .lwrp .lwrp-list-multi-container ul.lwrp-list{\r\n                margin-top: 0px;\r\n                margin-bottom: 0px;\r\n                padding-top: 0px;\r\n                padding-bottom: 0px;\r\n            }\r\n            .lwrp .lwrp-list-double,\r\n            .lwrp .lwrp-list-triple{\r\n                width: 100%;\r\n            }\r\n            .lwrp .lwrp-list-row-container{\r\n                justify-content: initial;\r\n                flex-direction: column;\r\n            }\r\n            .lwrp .lwrp-list-row-container .lwrp-list-item{\r\n                width: 100%;\r\n            }\r\n            .lwrp .lwrp-list-item:not(.lwrp-no-posts-message-item){\r\n                \r\n                \r\n            }\r\n            .lwrp .lwrp-list-item .lwrp-list-link .lwrp-list-link-title-text,\r\n            .lwrp .lwrp-list-item .lwrp-list-no-posts-message{\r\n                \r\n                \r\n                \r\n                \r\n            };\r\n        }<\/style>\r\n<div id=\"link-whisper-related-posts-widget\" class=\"link-whisper-related-posts lwrp\">\r\n            <h2 class=\"lwrp-title\">Related Posts<\/h2>    \r\n        <div class=\"lwrp-list-container\">\r\n                                            <div class=\"lwrp-list-multi-container\">\r\n                    <ul class=\"lwrp-list lwrp-list-double lwrp-list-left\">\r\n                        <li class=\"lwrp-list-item\"><a href=\"https:\/\/ics.cr\/en\/large-domestic-taxpayers-required-to-submit-audited-financial-statements-2\/\" class=\"lwrp-list-link\"><span class=\"lwrp-list-link-title-text\">Large National Taxpayers obliged to submit audited Financial Statements<\/span><\/a><\/li><li class=\"lwrp-list-item\"><a href=\"https:\/\/ics.cr\/en\/self-employed-workers-will-continue-to-pay-more-social-charges-but-could-pay-less-income-tax\/\" class=\"lwrp-list-link\"><span class=\"lwrp-list-link-title-text\">Self-employed workers will continue to pay more social security contributions, but may pay less income taxes<\/span><\/a><\/li><li class=\"lwrp-list-item\"><a href=\"https:\/\/ics.cr\/en\/costa-rica-is-a-cooperating-country-with-the-european-union-and-is-working-to-address-outstanding-commitments\/\" class=\"lwrp-list-link\"><span class=\"lwrp-list-link-title-text\">Costa Rica is a cooperating country with the European Union and is working on outstanding commitments.<\/span><\/a><\/li><li class=\"lwrp-list-item\"><a href=\"https:\/\/ics.cr\/en\/inflation-in-costa-rica-reached-003-in-july-after-13-months-in-negative-numbers\/\" class=\"lwrp-list-link\"><span class=\"lwrp-list-link-title-text\">Inflation in Costa Rica reached 0.031TDP3T in July, after 13 months in negative numbers<\/span><\/a><\/li>                    <\/ul>\r\n                    <ul class=\"lwrp-list lwrp-list-double lwrp-list-right\">\r\n                        <li class=\"lwrp-list-item\"><a href=\"https:\/\/ics.cr\/en\/government-to-deposit-school-salaries-to-civil-servants-on-january-22-2024\/\" class=\"lwrp-list-link\"><span class=\"lwrp-list-link-title-text\">Government to deposit School Salary to civil servants on January 22, 2024<\/span><\/a><\/li><li class=\"lwrp-list-item\"><a href=\"https:\/\/ics.cr\/en\/information-theft-and-beneficiary-registry\/\" class=\"lwrp-list-link\"><span class=\"lwrp-list-link-title-text\">Information theft and beneficiary registration<\/span><\/a><\/li><li class=\"lwrp-list-item\"><a href=\"https:\/\/ics.cr\/en\/sitemap\/\" class=\"lwrp-list-link\"><span class=\"lwrp-list-link-title-text\">Sitemap<\/span><\/a><\/li><li class=\"lwrp-list-item\"><a href=\"https:\/\/ics.cr\/en\/update-of-the-real-estate-tax-exemption-base-for-holders-of-a-single-property-published\/\" class=\"lwrp-list-link\"><span class=\"lwrp-list-link-title-text\">Update of the real estate tax exemption base for holders of a single property is published.<\/span><\/a><\/li>                    <\/ul>\r\n                <\/div>\r\n                        <\/div>\r\n<\/div>","protected":false},"excerpt":{"rendered":"<p>El ministerio de Hacienda Inform\u00f3 que desde el pr\u00f3ximo 29 de julio la Administraci\u00f3n Tributaria de San Jos\u00e9 Este ser\u00e1 trasladada. La Administraci\u00f3n Tributaria se localizar\u00e1 en las instalaciones actuales de la Administraci\u00f3n Tributaria de San Jos\u00e9 Oeste en Avenida 10, entre calles 36 y 42. La atenci\u00f3n al p\u00fablico tendr\u00e1 su horario habitual de [&hellip;]<\/p>\n","protected":false},"author":2,"featured_media":0,"comment_status":"closed","ping_status":"closed","sticky":false,"template":"","format":"standard","meta":{"_acf_changed":false,"footnotes":""},"categories":[11],"tags":[],"class_list":["post-527","post","type-post","status-publish","format-standard","hentry","category-noticias"],"acf":[],"_links":{"self":[{"href":"https:\/\/ics.cr\/en\/wp-json\/wp\/v2\/posts\/527","targetHints":{"allow":["GET"]}}],"collection":[{"href":"https:\/\/ics.cr\/en\/wp-json\/wp\/v2\/posts"}],"about":[{"href":"https:\/\/ics.cr\/en\/wp-json\/wp\/v2\/types\/post"}],"author":[{"embeddable":true,"href":"https:\/\/ics.cr\/en\/wp-json\/wp\/v2\/users\/2"}],"replies":[{"embeddable":true,"href":"https:\/\/ics.cr\/en\/wp-json\/wp\/v2\/comments?post=527"}],"version-history":[{"count":1,"href":"https:\/\/ics.cr\/en\/wp-json\/wp\/v2\/posts\/527\/revisions"}],"predecessor-version":[{"id":528,"href":"https:\/\/ics.cr\/en\/wp-json\/wp\/v2\/posts\/527\/revisions\/528"}],"wp:attachment":[{"href":"https:\/\/ics.cr\/en\/wp-json\/wp\/v2\/media?parent=527"}],"wp:term":[{"taxonomy":"category","embeddable":true,"href":"https:\/\/ics.cr\/en\/wp-json\/wp\/v2\/categories?post=527"},{"taxonomy":"post_tag","embeddable":true,"href":"https:\/\/ics.cr\/en\/wp-json\/wp\/v2\/tags?post=527"}],"curies":[{"name":"wp","href":"https:\/\/api.w.org\/{rel}","templated":true}]}}